{"id":547,"date":"2024-08-29T09:10:14","date_gmt":"2024-08-29T09:10:14","guid":{"rendered":"https:\/\/db-jugenddialog.de\/?p=547"},"modified":"2024-08-29T09:12:05","modified_gmt":"2024-08-29T09:12:05","slug":"treffen-am-28-7-2024-im-internationalen-jugendzentrum-von-brest","status":"publish","type":"post","link":"https:\/\/db-jugenddialog.de\/ru\/treffen-am-28-7-2024-im-internationalen-jugendzentrum-von-brest\/","title":{"rendered":"\u0412\u0441\u0442\u0440\u0435\u0447\u0430 28.07.2024 \u0433. \u0432 \u041c\u0435\u0436\u0434\u0443\u043d\u0430\u0440\u043e\u0434\u043d\u043e\u043c \u043c\u043e\u043b\u043e\u0434\u0435\u0436\u043d\u043e\u043c \u0446\u0435\u043d\u0442\u0440\u0435  \u0433\u043e\u0440\u043e\u0434\u0430 \u0411\u0440\u0435\u0441\u0442\u0430"},"content":{"rendered":"<div data-elementor-type=\"wp-post\" data-elementor-id=\"547\" class=\"elementor elementor-547\">\n\t\t\t\t<div class=\"elementor-element elementor-element-7238a04 e-flex e-con-boxed e-con e-parent\" data-id=\"7238a04\" data-element_type=\"container\" data-e-type=\"container\">\n\t\t\t\t\t<div class=\"e-con-inner\">\n\t\t\t\t<div class=\"elementor-element elementor-element-b2de1cd elementor-widget elementor-widget-text-editor\" data-id=\"b2de1cd\" data-element_type=\"widget\" data-e-type=\"widget\" data-widget_type=\"text-editor.default\">\n\t\t\t\t<div class=\"elementor-widget-container\">\n\t\t\t\t\t\t\t\t\t<p>\u0412 \u0432\u043e\u0441\u043a\u0440\u0435\u0441\u0435\u043d\u044c\u0435 \u0434\u043d\u0435\u043c 28.07.2024 \u0433. \u043c\u044b \u043f\u043e\u043b\u0443\u0447\u0438\u043b\u0438 \u043f\u0440\u0438\u0433\u043b\u0430\u0448\u0435\u043d\u0438\u0435 \u043d\u0430 \u0432\u0441\u0442\u0440\u0435\u0447\u0443 \u0432 \u041c\u0435\u0436\u0434\u0443\u043d\u0430\u0440\u043e\u0434\u043d\u043e\u043c \u043c\u043e\u043b\u043e\u0434\u0435\u0436\u043d\u043e\u043c \u0446\u0435\u043d\u0442\u0440\u0435 \u0432 \u0411\u0440\u0435\u0441\u0442\u0435, \u043a\u043e\u0442\u043e\u0440\u0430\u044f \u043d\u0430\u0445\u043e\u0434\u0438\u0442\u0441\u044f \u0432 \u043f\u0440\u043e\u0446\u0435\u0441\u0441\u0435 \u0441\u0442\u0430\u043d\u043e\u0432\u043b\u0435\u043d\u0438\u044f, \u0433\u0434\u0435  \u0441\u043e\u0437\u0434\u0430\u0435\u0442\u0441\u044f \u043a\u043e\u043c\u043f\u043b\u0435\u043a\u0441 \u0441 \u043a\u043e\u043d\u0444\u0435\u0440\u0435\u043d\u0446-\u0446\u0435\u043d\u0442\u0440\u043e\u043c, \u0441\u043f\u043e\u0440\u0442\u0438\u0432\u043d\u043e\u0439 \u043f\u043b\u043e\u0449\u0430\u0434\u043a\u043e\u0439 \u0438 \u043d\u043e\u0447\u043b\u0435\u0433\u043e\u043c \u0434\u043b\u044f \u0432\u0441\u0442\u0440\u0435\u0447 \u0441 \u043c\u043e\u043b\u043e\u0434\u0435\u0436\u044c\u044e \u0438\u0437 \u0440\u0430\u0437\u043d\u044b\u0445 \u0441\u0442\u0440\u0430\u043d \u0434\u043b\u044f \u0437\u043d\u0430\u043a\u043e\u043c\u0441\u0442\u0432\u043e \u0438 \u0431\u043c\u0435\u043d\u0430 \u043c\u043d\u0435\u043d\u0438\u044f\u043c\u0438.<\/p><p>\u00a0<\/p>\t\t\t\t\t\t\t\t<\/div>\n\t\t\t\t<\/div>\n\t\t\t\t\t<\/div>\n\t\t\t\t<\/div>\n\t\t<div class=\"elementor-element elementor-element-74b1e22 e-grid e-con-boxed e-con e-child\" data-id=\"74b1e22\" data-element_type=\"container\" data-e-type=\"container\">\n\t\t\t\t\t<div class=\"e-con-inner\">\n\t\t\t\t<div class=\"elementor-element elementor-element-3002242 elementor-widget elementor-widget-image\" data-id=\"3002242\" data-element_type=\"widget\" data-e-type=\"widget\" data-widget_type=\"image.default\">\n\t\t\t\t<div class=\"elementor-widget-container\">\n\t\t\t\t\t\t\t\t\t\t\t\t\t\t\t<img fetchpriority=\"high\" decoding=\"async\" width=\"800\" height=\"533\" src=\"https:\/\/db-jugenddialog.de\/wp-content\/uploads\/2024\/08\/photo_2024-07-28_16-24-06-2-1024x682.jpg\" class=\"attachment-large size-large wp-image-476\" alt=\"\" srcset=\"https:\/\/db-jugenddialog.de\/wp-content\/uploads\/2024\/08\/photo_2024-07-28_16-24-06-2-1024x682.jpg 1024w, https:\/\/db-jugenddialog.de\/wp-content\/uploads\/2024\/08\/photo_2024-07-28_16-24-06-2-300x200.jpg 300w, https:\/\/db-jugenddialog.de\/wp-content\/uploads\/2024\/08\/photo_2024-07-28_16-24-06-2-768x512.jpg 768w, https:\/\/db-jugenddialog.de\/wp-content\/uploads\/2024\/08\/photo_2024-07-28_16-24-06-2-18x12.jpg 18w, https:\/\/db-jugenddialog.de\/wp-content\/uploads\/2024\/08\/photo_2024-07-28_16-24-06-2.jpg 1280w\" sizes=\"(max-width: 800px) 100vw, 800px\" \/>\t\t\t\t\t\t\t\t\t\t\t\t\t\t\t<\/div>\n\t\t\t\t<\/div>\n\t\t\t\t<div class=\"elementor-element elementor-element-c9013f1 elementor-widget elementor-widget-image\" data-id=\"c9013f1\" data-element_type=\"widget\" data-e-type=\"widget\" data-widget_type=\"image.default\">\n\t\t\t\t<div class=\"elementor-widget-container\">\n\t\t\t\t\t\t\t\t\t\t\t\t\t\t\t<img decoding=\"async\" width=\"800\" height=\"533\" src=\"https:\/\/db-jugenddialog.de\/wp-content\/uploads\/2024\/08\/photo_2024-07-28_16-24-05-2-1024x682.jpg\" class=\"attachment-large size-large wp-image-475\" alt=\"\" srcset=\"https:\/\/db-jugenddialog.de\/wp-content\/uploads\/2024\/08\/photo_2024-07-28_16-24-05-2-1024x682.jpg 1024w, https:\/\/db-jugenddialog.de\/wp-content\/uploads\/2024\/08\/photo_2024-07-28_16-24-05-2-300x200.jpg 300w, https:\/\/db-jugenddialog.de\/wp-content\/uploads\/2024\/08\/photo_2024-07-28_16-24-05-2-768x512.jpg 768w, https:\/\/db-jugenddialog.de\/wp-content\/uploads\/2024\/08\/photo_2024-07-28_16-24-05-2-18x12.jpg 18w, https:\/\/db-jugenddialog.de\/wp-content\/uploads\/2024\/08\/photo_2024-07-28_16-24-05-2.jpg 1280w\" sizes=\"(max-width: 800px) 100vw, 800px\" \/>\t\t\t\t\t\t\t\t\t\t\t\t\t\t\t<\/div>\n\t\t\t\t<\/div>\n\t\t\t\t<div class=\"elementor-element elementor-element-0318d5f elementor-widget elementor-widget-image\" data-id=\"0318d5f\" data-element_type=\"widget\" data-e-type=\"widget\" data-widget_type=\"image.default\">\n\t\t\t\t<div class=\"elementor-widget-container\">\n\t\t\t\t\t\t\t\t\t\t\t\t\t\t\t<img decoding=\"async\" width=\"800\" height=\"533\" src=\"https:\/\/db-jugenddialog.de\/wp-content\/uploads\/2024\/08\/photo_2024-07-28_16-24-04-1024x682.jpg\" class=\"attachment-large size-large wp-image-474\" alt=\"\" srcset=\"https:\/\/db-jugenddialog.de\/wp-content\/uploads\/2024\/08\/photo_2024-07-28_16-24-04-1024x682.jpg 1024w, https:\/\/db-jugenddialog.de\/wp-content\/uploads\/2024\/08\/photo_2024-07-28_16-24-04-300x200.jpg 300w, https:\/\/db-jugenddialog.de\/wp-content\/uploads\/2024\/08\/photo_2024-07-28_16-24-04-768x512.jpg 768w, https:\/\/db-jugenddialog.de\/wp-content\/uploads\/2024\/08\/photo_2024-07-28_16-24-04-18x12.jpg 18w, https:\/\/db-jugenddialog.de\/wp-content\/uploads\/2024\/08\/photo_2024-07-28_16-24-04.jpg 1280w\" sizes=\"(max-width: 800px) 100vw, 800px\" \/>\t\t\t\t\t\t\t\t\t\t\t\t\t\t\t<\/div>\n\t\t\t\t<\/div>\n\t\t\t\t\t<\/div>\n\t\t\t\t<\/div>\n\t\t<div class=\"elementor-element elementor-element-09fbaed e-flex e-con-boxed e-con e-parent\" data-id=\"09fbaed\" data-element_type=\"container\" data-e-type=\"container\">\n\t\t\t\t\t<div class=\"e-con-inner\">\n\t\t\t\t<div class=\"elementor-element elementor-element-6f45640 elementor-widget elementor-widget-text-editor\" data-id=\"6f45640\" data-element_type=\"widget\" data-e-type=\"widget\" data-widget_type=\"text-editor.default\">\n\t\t\t\t<div class=\"elementor-widget-container\">\n\t\t\t\t\t\t\t\t\t<p>\u00a0<\/p><p>\u042d\u0442\u043e \u0431\u044b\u043b \u0438\u043d\u0442\u0435\u0440\u0435\u0441\u043d\u044b\u0439 \u043e\u0431\u043c\u0435\u043d \u043c\u043d\u0435\u043d\u0438\u044f\u043c\u0438 \u0441 \u043c\u044d\u0440\u043e\u043c \u0433. \u0411\u0440\u0435\u0441\u0442\u0430 \u0438 \u0434\u0440\u0443\u0433\u0438\u043c\u0438 \u043b\u044e\u0434\u044c\u043c\u0438 \u0434\u043b\u044f \u0442\u043e\u0433\u043e, \u0447\u0442\u043e\u0431\u044b \u043f\u043e\u0434\u0434\u0435\u0440\u0436\u0438\u0432\u0430\u0442\u044c \u043a\u043e\u043d\u0442\u0430\u043a\u0442\u044b \u0441 \u0413\u0435\u0440\u043c\u0430\u043d\u0438\u0435\u0439 \u0432 \u0441\u0444\u0435\u0440\u0435 \u0433\u0440\u0430\u0436\u0434\u0430\u043d\u0441\u043a\u043e\u0433\u043e \u043e\u0431\u0449\u0435\u0441\u0442\u0432\u0430, \u0431\u043b\u0438\u0436\u0435 \u0437\u043d\u0430\u043a\u043e\u043c\u0438\u0442\u044c\u0441\u044f \u0434\u0440\u0443\u0433 \u0441 \u0434\u0440\u0443\u0433\u043e\u043c \u0434\u043b\u044f \u043f\u043e\u043d\u0438\u043c\u0430\u043d\u0438\u044f \u0434\u0440\u0443\u0433 \u0434\u0440\u0443\u0433\u0430 \u0432 \u0442\u043e\u043c, \u0447\u0442\u043e \u043f\u0440\u043e\u0438\u0441\u0445\u043e\u0434\u0438\u0442 \u0432 \u043c\u0438\u0440\u0435 \u0432 \u0434\u0430\u043d\u043d\u044b\u0439 \u043c\u043e\u043c\u0435\u043d\u0442. \u041c\u044b \u0435\u0434\u0438\u043d\u043e\u0434\u0443\u0448\u043d\u043e \u043f\u0440\u0438\u0448\u043b\u0438 \u043a \u0443\u0431\u0435\u0436\u0434\u0435\u043d\u0438\u044e, \u0447\u0442\u043e \u0441\u043e\u0445\u0440\u0430\u043d\u0435\u043d\u0438\u0435 \u043c\u0438\u0440\u0430 \u0438\u043c\u0435\u0435\u0442 \u043f\u0435\u0440\u0432\u043e\u0441\u0442\u0435\u043f\u0435\u043d\u043d\u043e\u0435 \u0437\u043d\u0430\u0447\u0435\u043d\u0438\u0435. \u041d\u0418\u041a\u0422\u041e \u043d\u0435 \u0445\u043e\u0442\u0435\u043b \u0431\u044b \u0441\u043d\u043e\u0432\u0430 \u043f\u0435\u0440\u0435\u0436\u0438\u0442\u044c \u0437\u0434\u0435\u0441\u044c \u0442\u0430\u043a\u043e\u0435 \u0432\u0440\u0435\u043c\u044f, \u043a\u0430\u043a \u0432\u043e \u0432\u0440\u0435\u043c\u044f 2-\u0439 \u043c\u0438\u0440\u043e\u0432\u043e\u0439 \u0432\u043e\u0439\u043d\u044b. \u0418 \u043c\u044b \u0441\u043e\u0433\u043b\u0430\u0441\u043d\u044b \u0441 \u044d\u0442\u0438\u043c.<\/p><p>\u00a0<\/p>\t\t\t\t\t\t\t\t<\/div>\n\t\t\t\t<\/div>\n\t\t\t\t<div class=\"elementor-element elementor-element-75e460d elementor-widget elementor-widget-image\" data-id=\"75e460d\" data-element_type=\"widget\" data-e-type=\"widget\" data-widget_type=\"image.default\">\n\t\t\t\t<div class=\"elementor-widget-container\">\n\t\t\t\t\t\t\t\t\t\t\t\t\t\t\t<img loading=\"lazy\" decoding=\"async\" width=\"800\" height=\"450\" src=\"https:\/\/db-jugenddialog.de\/wp-content\/uploads\/2024\/08\/photo_2024-08-20_16-33-38-1024x576.jpg\" class=\"attachment-large size-large wp-image-477\" alt=\"\" srcset=\"https:\/\/db-jugenddialog.de\/wp-content\/uploads\/2024\/08\/photo_2024-08-20_16-33-38-1024x576.jpg 1024w, https:\/\/db-jugenddialog.de\/wp-content\/uploads\/2024\/08\/photo_2024-08-20_16-33-38-300x169.jpg 300w, https:\/\/db-jugenddialog.de\/wp-content\/uploads\/2024\/08\/photo_2024-08-20_16-33-38-768x432.jpg 768w, https:\/\/db-jugenddialog.de\/wp-content\/uploads\/2024\/08\/photo_2024-08-20_16-33-38-18x10.jpg 18w, https:\/\/db-jugenddialog.de\/wp-content\/uploads\/2024\/08\/photo_2024-08-20_16-33-38.jpg 1280w\" sizes=\"(max-width: 800px) 100vw, 800px\" \/>\t\t\t\t\t\t\t\t\t\t\t\t\t\t\t<\/div>\n\t\t\t\t<\/div>\n\t\t\t\t<div class=\"elementor-element elementor-element-26d0211 elementor-widget elementor-widget-text-editor\" data-id=\"26d0211\" data-element_type=\"widget\" data-e-type=\"widget\" data-widget_type=\"text-editor.default\">\n\t\t\t\t<div class=\"elementor-widget-container\">\n\t\t\t\t\t\t\t\t\t<p>\u00a0<\/p><p>\u0412\u0441\u0435 \u0445\u043e\u0442\u044f\u0442 \u043f\u0440\u043e\u0434\u043e\u043b\u0436\u0435\u043d\u0438\u044f \u0445\u043e\u0440\u043e\u0448\u0438\u0445 \u043a\u043e\u043d\u0442\u0430\u043a\u0442\u043e\u0432 \u0441 \u0413\u0435\u0440\u043c\u0430\u043d\u0438\u0435\u0439 \u0438 \u0435\u0441\u0442\u044c \u043d\u0430\u0434\u0435\u0436\u0434\u0430, \u0447\u0442\u043e \u0432 \u044d\u0442\u043e \u0442\u0440\u0443\u0434\u043d\u043e\u0435 \u0432\u0440\u0435\u043c\u044f \u0431\u0443\u0434\u0435\u0442 \u0432\u043e\u0437\u043c\u043e\u0436\u0435\u043d \u043e\u0431\u043c\u0435\u043d \u043c\u043d\u0435\u043d\u0438\u044f\u043c\u0438 \u0441 \u043c\u043e\u043b\u043e\u0434\u0435\u0436\u044c\u044e.<\/p>\t\t\t\t\t\t\t\t<\/div>\n\t\t\t\t<\/div>\n\t\t\t\t<div class=\"elementor-element elementor-element-afb0a45 elementor-widget elementor-widget-image\" data-id=\"afb0a45\" data-element_type=\"widget\" data-e-type=\"widget\" data-widget_type=\"image.default\">\n\t\t\t\t<div class=\"elementor-widget-container\">\n\t\t\t\t\t\t\t\t\t\t\t\t\t\t\t<img loading=\"lazy\" decoding=\"async\" width=\"800\" height=\"600\" src=\"https:\/\/db-jugenddialog.de\/wp-content\/uploads\/2024\/08\/photo_2024-07-28_17-33-02-5-1024x768.jpg\" class=\"attachment-large size-large wp-image-479\" alt=\"\" srcset=\"https:\/\/db-jugenddialog.de\/wp-content\/uploads\/2024\/08\/photo_2024-07-28_17-33-02-5-1024x768.jpg 1024w, https:\/\/db-jugenddialog.de\/wp-content\/uploads\/2024\/08\/photo_2024-07-28_17-33-02-5-300x225.jpg 300w, https:\/\/db-jugenddialog.de\/wp-content\/uploads\/2024\/08\/photo_2024-07-28_17-33-02-5-768x576.jpg 768w, https:\/\/db-jugenddialog.de\/wp-content\/uploads\/2024\/08\/photo_2024-07-28_17-33-02-5-16x12.jpg 16w, https:\/\/db-jugenddialog.de\/wp-content\/uploads\/2024\/08\/photo_2024-07-28_17-33-02-5.jpg 1280w\" sizes=\"(max-width: 800px) 100vw, 800px\" \/>\t\t\t\t\t\t\t\t\t\t\t\t\t\t\t<\/div>\n\t\t\t\t<\/div>\n\t\t\t\t\t<\/div>\n\t\t\t\t<\/div>\n\t\t\t\t<\/div>","protected":false},"excerpt":{"rendered":"<p>Am Sonntagnachmittag hatten wir eine Einladung zu einem Treffen am internationalen Jugendzentrum in Brest, das am Entstehen ist. Es entsteht ein Komplex mit Kongresszentrum, Sportplatz und \u00dcbernachtungsm\u00f6glichkeiten f\u00fcr Treffen mit Jugendlichen aus unterschiedlichen L\u00e4ndern zum Austausch und kennenlernen. \u00a0 \u00a0 Es war ein interessanter Austausch auch mit dem B\u00fcrgermeister von Brest und anderen wichtigen Leuten, [&hellip;]<\/p>\n","protected":false},"author":2,"featured_media":0,"comment_status":"closed","ping_status":"open","sticky":false,"template":"","format":"standard","meta":{"footnotes":""},"categories":[3],"tags":[],"class_list":["post-547","post","type-post","status-publish","format-standard","hentry","category-aktuelles"],"yoast_head":"<!-- This site is optimized with the Yoast SEO plugin v27.2 - https:\/\/yoast.com\/product\/yoast-seo-wordpress\/ -->\n<title>Treffen am 28.7.2024 im internationalen Jugendzentrum von Brest - Deutsche Belarussischer Jugenddialog<\/title>\n<meta name=\"robots\" content=\"index, follow, max-snippet:-1, max-image-preview:large, max-video-preview:-1\" \/>\n<link rel=\"canonical\" href=\"https:\/\/db-jugenddialog.de\/ru\/treffen-am-28-7-2024-im-internationalen-jugendzentrum-von-brest\/\" \/>\n<meta property=\"og:locale\" content=\"ru_RU\" \/>\n<meta property=\"og:type\" content=\"article\" \/>\n<meta property=\"og:title\" content=\"Treffen am 28.7.2024 im internationalen Jugendzentrum von Brest - Deutsche Belarussischer Jugenddialog\" \/>\n<meta property=\"og:description\" content=\"Am Sonntagnachmittag hatten wir eine Einladung zu einem Treffen am internationalen Jugendzentrum in Brest, das am Entstehen ist. Es entsteht ein Komplex mit Kongresszentrum, Sportplatz und \u00dcbernachtungsm\u00f6glichkeiten f\u00fcr Treffen mit Jugendlichen aus unterschiedlichen L\u00e4ndern zum Austausch und kennenlernen. \u00a0 \u00a0 Es war ein interessanter Austausch auch mit dem B\u00fcrgermeister von Brest und anderen wichtigen Leuten, [&hellip;]\" \/>\n<meta property=\"og:url\" content=\"https:\/\/db-jugenddialog.de\/ru\/treffen-am-28-7-2024-im-internationalen-jugendzentrum-von-brest\/\" \/>\n<meta property=\"og:site_name\" content=\"Deutsche Belarussischer Jugenddialog\" \/>\n<meta property=\"article:published_time\" content=\"2024-08-29T09:10:14+00:00\" \/>\n<meta property=\"article:modified_time\" content=\"2024-08-29T09:12:05+00:00\" \/>\n<meta property=\"og:image\" content=\"https:\/\/db-jugenddialog.de\/wp-content\/uploads\/2024\/08\/photo_2024-07-28_16-24-06-2-1024x682.jpg\" \/>\n<meta name=\"author\" content=\"klaus\" \/>\n<meta name=\"twitter:card\" content=\"summary_large_image\" \/>\n<meta name=\"twitter:label1\" content=\"\u041d\u0430\u043f\u0438\u0441\u0430\u043d\u043e \u0430\u0432\u0442\u043e\u0440\u043e\u043c\" \/>\n\t<meta name=\"twitter:data1\" content=\"klaus\" \/>\n\t<meta name=\"twitter:label2\" content=\"\u041f\u0440\u0438\u043c\u0435\u0440\u043d\u043e\u0435 \u0432\u0440\u0435\u043c\u044f \u0434\u043b\u044f \u0447\u0442\u0435\u043d\u0438\u044f\" \/>\n\t<meta name=\"twitter:data2\" content=\"2 \u043c\u0438\u043d\u0443\u0442\u044b\" \/>\n<script type=\"application\/ld+json\" class=\"yoast-schema-graph\">{\"@context\":\"https:\/\/schema.org\",\"@graph\":[{\"@type\":\"Article\",\"@id\":\"https:\/\/db-jugenddialog.de\/treffen-am-28-7-2024-im-internationalen-jugendzentrum-von-brest\/#article\",\"isPartOf\":{\"@id\":\"https:\/\/db-jugenddialog.de\/treffen-am-28-7-2024-im-internationalen-jugendzentrum-von-brest\/\"},\"author\":{\"name\":\"klaus\",\"@id\":\"https:\/\/db-jugenddialog.de\/#\/schema\/person\/c029193f0f354f72cbab82ebbb6c2b9c\"},\"headline\":\"Treffen am 28.7.2024 im internationalen Jugendzentrum von Brest\",\"datePublished\":\"2024-08-29T09:10:14+00:00\",\"dateModified\":\"2024-08-29T09:12:05+00:00\",\"mainEntityOfPage\":{\"@id\":\"https:\/\/db-jugenddialog.de\/treffen-am-28-7-2024-im-internationalen-jugendzentrum-von-brest\/\"},\"wordCount\":150,\"publisher\":{\"@id\":\"https:\/\/db-jugenddialog.de\/#organization\"},\"image\":{\"@id\":\"https:\/\/db-jugenddialog.de\/treffen-am-28-7-2024-im-internationalen-jugendzentrum-von-brest\/#primaryimage\"},\"thumbnailUrl\":\"https:\/\/db-jugenddialog.de\/wp-content\/uploads\/2024\/08\/photo_2024-07-28_16-24-06-2-1024x682.jpg\",\"articleSection\":[\"Aktuelles\"],\"inLanguage\":\"ru-RU\"},{\"@type\":\"WebPage\",\"@id\":\"https:\/\/db-jugenddialog.de\/treffen-am-28-7-2024-im-internationalen-jugendzentrum-von-brest\/\",\"url\":\"https:\/\/db-jugenddialog.de\/treffen-am-28-7-2024-im-internationalen-jugendzentrum-von-brest\/\",\"name\":\"Treffen am 28.7.2024 im internationalen Jugendzentrum von Brest - Deutsche Belarussischer Jugenddialog\",\"isPartOf\":{\"@id\":\"https:\/\/db-jugenddialog.de\/#website\"},\"primaryImageOfPage\":{\"@id\":\"https:\/\/db-jugenddialog.de\/treffen-am-28-7-2024-im-internationalen-jugendzentrum-von-brest\/#primaryimage\"},\"image\":{\"@id\":\"https:\/\/db-jugenddialog.de\/treffen-am-28-7-2024-im-internationalen-jugendzentrum-von-brest\/#primaryimage\"},\"thumbnailUrl\":\"https:\/\/db-jugenddialog.de\/wp-content\/uploads\/2024\/08\/photo_2024-07-28_16-24-06-2-1024x682.jpg\",\"datePublished\":\"2024-08-29T09:10:14+00:00\",\"dateModified\":\"2024-08-29T09:12:05+00:00\",\"breadcrumb\":{\"@id\":\"https:\/\/db-jugenddialog.de\/treffen-am-28-7-2024-im-internationalen-jugendzentrum-von-brest\/#breadcrumb\"},\"inLanguage\":\"ru-RU\",\"potentialAction\":[{\"@type\":\"ReadAction\",\"target\":[\"https:\/\/db-jugenddialog.de\/treffen-am-28-7-2024-im-internationalen-jugendzentrum-von-brest\/\"]}]},{\"@type\":\"ImageObject\",\"inLanguage\":\"ru-RU\",\"@id\":\"https:\/\/db-jugenddialog.de\/treffen-am-28-7-2024-im-internationalen-jugendzentrum-von-brest\/#primaryimage\",\"url\":\"https:\/\/db-jugenddialog.de\/wp-content\/uploads\/2024\/08\/photo_2024-07-28_16-24-06-2-1024x682.jpg\",\"contentUrl\":\"https:\/\/db-jugenddialog.de\/wp-content\/uploads\/2024\/08\/photo_2024-07-28_16-24-06-2-1024x682.jpg\"},{\"@type\":\"BreadcrumbList\",\"@id\":\"https:\/\/db-jugenddialog.de\/treffen-am-28-7-2024-im-internationalen-jugendzentrum-von-brest\/#breadcrumb\",\"itemListElement\":[{\"@type\":\"ListItem\",\"position\":1,\"name\":\"Startseite\",\"item\":\"https:\/\/db-jugenddialog.de\/\"},{\"@type\":\"ListItem\",\"position\":2,\"name\":\"Treffen am 28.7.2024 im internationalen Jugendzentrum von Brest\"}]},{\"@type\":\"WebSite\",\"@id\":\"https:\/\/db-jugenddialog.de\/#website\",\"url\":\"https:\/\/db-jugenddialog.de\/\",\"name\":\"Deutsche Belarussischer Jugenddialog\",\"description\":\"\",\"publisher\":{\"@id\":\"https:\/\/db-jugenddialog.de\/#organization\"},\"potentialAction\":[{\"@type\":\"SearchAction\",\"target\":{\"@type\":\"EntryPoint\",\"urlTemplate\":\"https:\/\/db-jugenddialog.de\/?s={search_term_string}\"},\"query-input\":{\"@type\":\"PropertyValueSpecification\",\"valueRequired\":true,\"valueName\":\"search_term_string\"}}],\"inLanguage\":\"ru-RU\"},{\"@type\":\"Organization\",\"@id\":\"https:\/\/db-jugenddialog.de\/#organization\",\"name\":\"Deutsche Belarussischer Jugenddialog\",\"url\":\"https:\/\/db-jugenddialog.de\/\",\"logo\":{\"@type\":\"ImageObject\",\"inLanguage\":\"ru-RU\",\"@id\":\"https:\/\/db-jugenddialog.de\/#\/schema\/logo\/image\/\",\"url\":\"https:\/\/db-jugenddialog.de\/wp-content\/uploads\/2024\/07\/2.jpg\",\"contentUrl\":\"https:\/\/db-jugenddialog.de\/wp-content\/uploads\/2024\/07\/2.jpg\",\"width\":1009,\"height\":580,\"caption\":\"Deutsche Belarussischer Jugenddialog\"},\"image\":{\"@id\":\"https:\/\/db-jugenddialog.de\/#\/schema\/logo\/image\/\"}},{\"@type\":\"Person\",\"@id\":\"https:\/\/db-jugenddialog.de\/#\/schema\/person\/c029193f0f354f72cbab82ebbb6c2b9c\",\"name\":\"klaus\",\"url\":\"https:\/\/db-jugenddialog.de\/ru\/author\/klaus\/\"}]}<\/script>\n<!-- \/ Yoast SEO plugin. -->","yoast_head_json":{"title":"Treffen am 28.7.2024 im internationalen Jugendzentrum von Brest - Deutsche Belarussischer Jugenddialog","robots":{"index":"index","follow":"follow","max-snippet":"max-snippet:-1","max-image-preview":"max-image-preview:large","max-video-preview":"max-video-preview:-1"},"canonical":"https:\/\/db-jugenddialog.de\/ru\/treffen-am-28-7-2024-im-internationalen-jugendzentrum-von-brest\/","og_locale":"ru_RU","og_type":"article","og_title":"Treffen am 28.7.2024 im internationalen Jugendzentrum von Brest - Deutsche Belarussischer Jugenddialog","og_description":"Am Sonntagnachmittag hatten wir eine Einladung zu einem Treffen am internationalen Jugendzentrum in Brest, das am Entstehen ist. Es entsteht ein Komplex mit Kongresszentrum, Sportplatz und \u00dcbernachtungsm\u00f6glichkeiten f\u00fcr Treffen mit Jugendlichen aus unterschiedlichen L\u00e4ndern zum Austausch und kennenlernen. \u00a0 \u00a0 Es war ein interessanter Austausch auch mit dem B\u00fcrgermeister von Brest und anderen wichtigen Leuten, [&hellip;]","og_url":"https:\/\/db-jugenddialog.de\/ru\/treffen-am-28-7-2024-im-internationalen-jugendzentrum-von-brest\/","og_site_name":"Deutsche Belarussischer Jugenddialog","article_published_time":"2024-08-29T09:10:14+00:00","article_modified_time":"2024-08-29T09:12:05+00:00","og_image":[{"url":"https:\/\/db-jugenddialog.de\/wp-content\/uploads\/2024\/08\/photo_2024-07-28_16-24-06-2-1024x682.jpg","type":"","width":"","height":""}],"author":"klaus","twitter_card":"summary_large_image","twitter_misc":{"\u041d\u0430\u043f\u0438\u0441\u0430\u043d\u043e \u0430\u0432\u0442\u043e\u0440\u043e\u043c":"klaus","\u041f\u0440\u0438\u043c\u0435\u0440\u043d\u043e\u0435 \u0432\u0440\u0435\u043c\u044f \u0434\u043b\u044f \u0447\u0442\u0435\u043d\u0438\u044f":"2 \u043c\u0438\u043d\u0443\u0442\u044b"},"schema":{"@context":"https:\/\/schema.org","@graph":[{"@type":"Article","@id":"https:\/\/db-jugenddialog.de\/treffen-am-28-7-2024-im-internationalen-jugendzentrum-von-brest\/#article","isPartOf":{"@id":"https:\/\/db-jugenddialog.de\/treffen-am-28-7-2024-im-internationalen-jugendzentrum-von-brest\/"},"author":{"name":"klaus","@id":"https:\/\/db-jugenddialog.de\/#\/schema\/person\/c029193f0f354f72cbab82ebbb6c2b9c"},"headline":"Treffen am 28.7.2024 im internationalen Jugendzentrum von Brest","datePublished":"2024-08-29T09:10:14+00:00","dateModified":"2024-08-29T09:12:05+00:00","mainEntityOfPage":{"@id":"https:\/\/db-jugenddialog.de\/treffen-am-28-7-2024-im-internationalen-jugendzentrum-von-brest\/"},"wordCount":150,"publisher":{"@id":"https:\/\/db-jugenddialog.de\/#organization"},"image":{"@id":"https:\/\/db-jugenddialog.de\/treffen-am-28-7-2024-im-internationalen-jugendzentrum-von-brest\/#primaryimage"},"thumbnailUrl":"https:\/\/db-jugenddialog.de\/wp-content\/uploads\/2024\/08\/photo_2024-07-28_16-24-06-2-1024x682.jpg","articleSection":["Aktuelles"],"inLanguage":"ru-RU"},{"@type":"WebPage","@id":"https:\/\/db-jugenddialog.de\/treffen-am-28-7-2024-im-internationalen-jugendzentrum-von-brest\/","url":"https:\/\/db-jugenddialog.de\/treffen-am-28-7-2024-im-internationalen-jugendzentrum-von-brest\/","name":"Treffen am 28.7.2024 im internationalen Jugendzentrum von Brest - Deutsche Belarussischer Jugenddialog","isPartOf":{"@id":"https:\/\/db-jugenddialog.de\/#website"},"primaryImageOfPage":{"@id":"https:\/\/db-jugenddialog.de\/treffen-am-28-7-2024-im-internationalen-jugendzentrum-von-brest\/#primaryimage"},"image":{"@id":"https:\/\/db-jugenddialog.de\/treffen-am-28-7-2024-im-internationalen-jugendzentrum-von-brest\/#primaryimage"},"thumbnailUrl":"https:\/\/db-jugenddialog.de\/wp-content\/uploads\/2024\/08\/photo_2024-07-28_16-24-06-2-1024x682.jpg","datePublished":"2024-08-29T09:10:14+00:00","dateModified":"2024-08-29T09:12:05+00:00","breadcrumb":{"@id":"https:\/\/db-jugenddialog.de\/treffen-am-28-7-2024-im-internationalen-jugendzentrum-von-brest\/#breadcrumb"},"inLanguage":"ru-RU","potentialAction":[{"@type":"ReadAction","target":["https:\/\/db-jugenddialog.de\/treffen-am-28-7-2024-im-internationalen-jugendzentrum-von-brest\/"]}]},{"@type":"ImageObject","inLanguage":"ru-RU","@id":"https:\/\/db-jugenddialog.de\/treffen-am-28-7-2024-im-internationalen-jugendzentrum-von-brest\/#primaryimage","url":"https:\/\/db-jugenddialog.de\/wp-content\/uploads\/2024\/08\/photo_2024-07-28_16-24-06-2-1024x682.jpg","contentUrl":"https:\/\/db-jugenddialog.de\/wp-content\/uploads\/2024\/08\/photo_2024-07-28_16-24-06-2-1024x682.jpg"},{"@type":"BreadcrumbList","@id":"https:\/\/db-jugenddialog.de\/treffen-am-28-7-2024-im-internationalen-jugendzentrum-von-brest\/#breadcrumb","itemListElement":[{"@type":"ListItem","position":1,"name":"Startseite","item":"https:\/\/db-jugenddialog.de\/"},{"@type":"ListItem","position":2,"name":"Treffen am 28.7.2024 im internationalen Jugendzentrum von Brest"}]},{"@type":"WebSite","@id":"https:\/\/db-jugenddialog.de\/#website","url":"https:\/\/db-jugenddialog.de\/","name":"Deutsche Belarussischer Jugenddialog","description":"","publisher":{"@id":"https:\/\/db-jugenddialog.de\/#organization"},"potentialAction":[{"@type":"SearchAction","target":{"@type":"EntryPoint","urlTemplate":"https:\/\/db-jugenddialog.de\/?s={search_term_string}"},"query-input":{"@type":"PropertyValueSpecification","valueRequired":true,"valueName":"search_term_string"}}],"inLanguage":"ru-RU"},{"@type":"Organization","@id":"https:\/\/db-jugenddialog.de\/#organization","name":"Deutsche Belarussischer Jugenddialog","url":"https:\/\/db-jugenddialog.de\/","logo":{"@type":"ImageObject","inLanguage":"ru-RU","@id":"https:\/\/db-jugenddialog.de\/#\/schema\/logo\/image\/","url":"https:\/\/db-jugenddialog.de\/wp-content\/uploads\/2024\/07\/2.jpg","contentUrl":"https:\/\/db-jugenddialog.de\/wp-content\/uploads\/2024\/07\/2.jpg","width":1009,"height":580,"caption":"Deutsche Belarussischer Jugenddialog"},"image":{"@id":"https:\/\/db-jugenddialog.de\/#\/schema\/logo\/image\/"}},{"@type":"Person","@id":"https:\/\/db-jugenddialog.de\/#\/schema\/person\/c029193f0f354f72cbab82ebbb6c2b9c","name":"klaus","url":"https:\/\/db-jugenddialog.de\/ru\/author\/klaus\/"}]}},"_links":{"self":[{"href":"https:\/\/db-jugenddialog.de\/ru\/wp-json\/wp\/v2\/posts\/547","targetHints":{"allow":["GET"]}}],"collection":[{"href":"https:\/\/db-jugenddialog.de\/ru\/wp-json\/wp\/v2\/posts"}],"about":[{"href":"https:\/\/db-jugenddialog.de\/ru\/wp-json\/wp\/v2\/types\/post"}],"author":[{"embeddable":true,"href":"https:\/\/db-jugenddialog.de\/ru\/wp-json\/wp\/v2\/users\/2"}],"replies":[{"embeddable":true,"href":"https:\/\/db-jugenddialog.de\/ru\/wp-json\/wp\/v2\/comments?post=547"}],"version-history":[{"count":4,"href":"https:\/\/db-jugenddialog.de\/ru\/wp-json\/wp\/v2\/posts\/547\/revisions"}],"predecessor-version":[{"id":552,"href":"https:\/\/db-jugenddialog.de\/ru\/wp-json\/wp\/v2\/posts\/547\/revisions\/552"}],"wp:attachment":[{"href":"https:\/\/db-jugenddialog.de\/ru\/wp-json\/wp\/v2\/media?parent=547"}],"wp:term":[{"taxonomy":"category","embeddable":true,"href":"https:\/\/db-jugenddialog.de\/ru\/wp-json\/wp\/v2\/categories?post=547"},{"taxonomy":"post_tag","embeddable":true,"href":"https:\/\/db-jugenddialog.de\/ru\/wp-json\/wp\/v2\/tags?post=547"}],"curies":[{"name":"wp","href":"https:\/\/api.w.org\/{rel}","templated":true}]}}